{"id":470,"date":"2017-08-17T00:00:12","date_gmt":"2017-08-16T22:00:12","guid":{"rendered":"https:\/\/www.k-naehleon.de\/?p=470"},"modified":"2023-11-02T14:11:44","modified_gmt":"2023-11-02T13:11:44","slug":"pullover-mit-urlaubs-feeling","status":"publish","type":"post","link":"https:\/\/www.k-naehleon.de\/?p=470","title":{"rendered":"Pullover mit Urlaubs-Feeling"},"content":{"rendered":"<p><img loading=\"lazy\" decoding=\"async\" class=\"aligncenter wp-image-476\" src=\"https:\/\/www.k-naehleon.de\/wp-content\/uploads\/2017\/08\/IMG_1612.jpg\" alt=\"Rums-Pulli\" width=\"350\" height=\"448\" srcset=\"https:\/\/www.k-naehleon.de\/wp-content\/uploads\/2017\/08\/IMG_1612.jpg 999w, https:\/\/www.k-naehleon.de\/wp-content\/uploads\/2017\/08\/IMG_1612-234x300.jpg 234w, https:\/\/www.k-naehleon.de\/wp-content\/uploads\/2017\/08\/IMG_1612-768x984.jpg 768w, https:\/\/www.k-naehleon.de\/wp-content\/uploads\/2017\/08\/IMG_1612-799x1024.jpg 799w\" sizes=\"auto, (max-width: 350px) 100vw, 350px\" \/>Meistens n\u00e4he ich f\u00fcr meine Kinder, aber dieser herrlich gem\u00fctliche Pullover entstand vor einiger Zeit f\u00fcr mich. Dies ist schon der zweite Strand-Urlaub, auf dem er mich begleitet: In den Osterferien am Mittelmeer war er auch schon dabei. F\u00fcr mich ist es der perfekte Strand-Pullover; wenn es etwas k\u00fchler wird, ziehe ich ihn einfach \u00fcber eine Leggings und fertig ist das Outfit.<!--more--><\/p>\n<p><img loading=\"lazy\" decoding=\"async\" class=\"aligncenter wp-image-475\" src=\"https:\/\/www.k-naehleon.de\/wp-content\/uploads\/2017\/08\/IMG_1621.jpg\" alt=\"K-Naehleon am Strand\" width=\"350\" height=\"494\" srcset=\"https:\/\/www.k-naehleon.de\/wp-content\/uploads\/2017\/08\/IMG_1621.jpg 906w, https:\/\/www.k-naehleon.de\/wp-content\/uploads\/2017\/08\/IMG_1621-212x300.jpg 212w, https:\/\/www.k-naehleon.de\/wp-content\/uploads\/2017\/08\/IMG_1621-768x1085.jpg 768w, https:\/\/www.k-naehleon.de\/wp-content\/uploads\/2017\/08\/IMG_1621-725x1024.jpg 725w\" sizes=\"auto, (max-width: 350px) 100vw, 350px\" \/><\/p>\n<p>Das Schnittmuster habe ich selbst anhand eines Lieblings-Pullovers erstellt: Die Kontur habe ich auf eine Papierrolle \u00fcbertragen und einfach schr\u00e4ge Raglan\u00e4rmel eingezeichnet. Der engere Abschluss an den Beinen (der &#8222;Rock&#8220;) gibt dem Pullover das gewisse etwas, war aber urspr\u00fcnglich nicht geplant. Den Geistesblitz hatte ich bei der Anprobe vor dem Spiegel. Der Flausch-Stoff ist sch\u00f6n elastisch, da geht das gut.<\/p>\n<p><img loading=\"lazy\" decoding=\"async\" class=\"aligncenter wp-image-474\" src=\"https:\/\/www.k-naehleon.de\/wp-content\/uploads\/2017\/08\/IMG_1610.jpg\" alt=\"Flausch-Pullover\" width=\"350\" height=\"463\" srcset=\"https:\/\/www.k-naehleon.de\/wp-content\/uploads\/2017\/08\/IMG_1610.jpg 968w, https:\/\/www.k-naehleon.de\/wp-content\/uploads\/2017\/08\/IMG_1610-227x300.jpg 227w, https:\/\/www.k-naehleon.de\/wp-content\/uploads\/2017\/08\/IMG_1610-768x1016.jpg 768w, https:\/\/www.k-naehleon.de\/wp-content\/uploads\/2017\/08\/IMG_1610-774x1024.jpg 774w\" sizes=\"auto, (max-width: 350px) 100vw, 350px\" \/><\/p>\n<p>Am Hals ist ein B\u00fcndchen angen\u00e4ht, die \u00c4rmel habe ich kurzerhand mit einem Rollsaum versehen. Der einzige Wermutstropfen bei dem Pullover ist, dass sich Streifen auf dem Stoff gebildet haben, man sieht es auf dem Foto. Ich hatte gehofft, dass sie nach dem Waschen verschwinden, aber sie scheinen dauerhaft zu sein. Wei\u00df vielleicht jemand von Euch, was ich dagegen machen kann?<\/p>\n<p><img loading=\"lazy\" decoding=\"async\" class=\"aligncenter wp-image-473\" src=\"https:\/\/www.k-naehleon.de\/wp-content\/uploads\/2017\/08\/IMG_1616.jpg\" alt=\"\" width=\"350\" height=\"326\" srcset=\"https:\/\/www.k-naehleon.de\/wp-content\/uploads\/2017\/08\/IMG_1616.jpg 1280w, https:\/\/www.k-naehleon.de\/wp-content\/uploads\/2017\/08\/IMG_1616-300x279.jpg 300w, https:\/\/www.k-naehleon.de\/wp-content\/uploads\/2017\/08\/IMG_1616-768x715.jpg 768w, https:\/\/www.k-naehleon.de\/wp-content\/uploads\/2017\/08\/IMG_1616-1024x954.jpg 1024w\" sizes=\"auto, (max-width: 350px) 100vw, 350px\" \/><\/p>\n<p>Meiner Mutter hat der fertige Pullover so gut gefallen, dass sie sich auch einen gew\u00fcnscht hat. Also wird es bald eine zweite Version in t\u00fcrkis und in einer Kleidergr\u00f6\u00dfe gr\u00f6\u00dfer geben. Bis zu ihrem Geburtstag sollte er hoffentlich fertig werden, doch das ist er dran, wenn wir wider zuhause sind.<\/p>\n<p>Jetzt erstmal noch sonnige Urlaubsgr\u00fc\u00dfe aus D\u00e4nemark!<\/p>\n<p>Cailin<\/p>\n<p>&#8212;&#8212;&#8212;&#8212;&#8212;&#8212;&#8212;&#8212;&#8212;&#8212;<\/p>\n<p>Stoff: Sweatshirt Flausch von Stoffe.de<\/p>\n<p>Eigenes Schnittmuster nach einem Lieblingspullover<\/p>\n","protected":false},"excerpt":{"rendered":"<p>Meistens n\u00e4he ich f\u00fcr meine Kinder, aber dieser herrlich gem\u00fctliche Pullover entstand vor einiger Zeit f\u00fcr mich. Dies ist schon der zweite Strand-Urlaub, auf dem er mich begleitet: In den Osterferien am Mittelmeer war er auch schon dabei. F\u00fcr mich ist es der perfekte Strand-Pullover; wenn es etwas k\u00fchler wird, ziehe ich ihn einfach \u00fcber [&hellip;]<\/p>\n","protected":false},"author":1,"featured_media":0,"comment_status":"open","ping_status":"open","sticky":false,"template":"","format":"standard","meta":{"_genesis_hide_title":false,"_genesis_hide_breadcrumbs":false,"_genesis_hide_singular_image":false,"_genesis_hide_footer_widgets":false,"_genesis_custom_body_class":"","_genesis_custom_post_class":"","_genesis_layout":"","footnotes":""},"categories":[19],"tags":[],"class_list":{"0":"post-470","1":"post","2":"type-post","3":"status-publish","4":"format-standard","6":"category-rund-ums-naehen","7":"entry"},"_links":{"self":[{"href":"https:\/\/www.k-naehleon.de\/index.php?rest_route=\/wp\/v2\/posts\/470","targetHints":{"allow":["GET"]}}],"collection":[{"href":"https:\/\/www.k-naehleon.de\/index.php?rest_route=\/wp\/v2\/posts"}],"about":[{"href":"https:\/\/www.k-naehleon.de\/index.php?rest_route=\/wp\/v2\/types\/post"}],"author":[{"embeddable":true,"href":"https:\/\/www.k-naehleon.de\/index.php?rest_route=\/wp\/v2\/users\/1"}],"replies":[{"embeddable":true,"href":"https:\/\/www.k-naehleon.de\/index.php?rest_route=%2Fwp%2Fv2%2Fcomments&post=470"}],"version-history":[{"count":19,"href":"https:\/\/www.k-naehleon.de\/index.php?rest_route=\/wp\/v2\/posts\/470\/revisions"}],"predecessor-version":[{"id":9153,"href":"https:\/\/www.k-naehleon.de\/index.php?rest_route=\/wp\/v2\/posts\/470\/revisions\/9153"}],"wp:attachment":[{"href":"https:\/\/www.k-naehleon.de\/index.php?rest_route=%2Fwp%2Fv2%2Fmedia&parent=470"}],"wp:term":[{"taxonomy":"category","embeddable":true,"href":"https:\/\/www.k-naehleon.de\/index.php?rest_route=%2Fwp%2Fv2%2Fcategories&post=470"},{"taxonomy":"post_tag","embeddable":true,"href":"https:\/\/www.k-naehleon.de\/index.php?rest_route=%2Fwp%2Fv2%2Ftags&post=470"}],"curies":[{"name":"wp","href":"https:\/\/api.w.org\/{rel}","templated":true}]}}