{"id":6400,"date":"2020-04-28T20:37:56","date_gmt":"2020-04-28T18:37:56","guid":{"rendered":"https:\/\/www.k-naehleon.de\/?p=6400"},"modified":"2020-10-17T21:58:59","modified_gmt":"2020-10-17T19:58:59","slug":"behelfs-munschutz-naehen-alternativen-zum-gummiband","status":"publish","type":"post","link":"https:\/\/www.k-naehleon.de\/?p=6400","title":{"rendered":"Mundmaske n\u00e4hen: Alternativen zum Gummiband"},"content":{"rendered":"<p>Vor einiger Zeit habe ich uns schon ein paar Mund-Nasen-Masken gen\u00e4ht &#8211; zum Gl\u00fcck geht das ja ganz einfach und schnell. Jetzt mit der Maskenpflicht werde ich gleich noch ein paar mehr n\u00e4hen, um den Bedarf in der Familie zu decken.<\/p>\n<p><a href=\"https:\/\/www.k-naehleon.de\/?p=6400\"><img loading=\"lazy\" decoding=\"async\" class=\"aligncenter wp-image-6420\" src=\"https:\/\/www.k-naehleon.de\/wp-content\/uploads\/2020\/04\/Mundmaske-naehen-ohne-Gummi.jpg\" alt=\"\" width=\"400\" height=\"400\" srcset=\"https:\/\/www.k-naehleon.de\/wp-content\/uploads\/2020\/04\/Mundmaske-naehen-ohne-Gummi.jpg 600w, https:\/\/www.k-naehleon.de\/wp-content\/uploads\/2020\/04\/Mundmaske-naehen-ohne-Gummi-300x300.jpg 300w, https:\/\/www.k-naehleon.de\/wp-content\/uploads\/2020\/04\/Mundmaske-naehen-ohne-Gummi-160x160.jpg 160w\" sizes=\"auto, (max-width: 400px) 100vw, 400px\" \/><\/a><\/p>\n<p>Allerdings lese ich in letzter Zeit immer wieder, dass Gummiband knapp ist oder dass es jetzt viel mehr kostet als fr\u00fcher. Daher m\u00f6chte ich dir heute Alternativen zu gekauftem Gummiband pr\u00e4sentieren. Denn es w\u00e4re schade, wenn du dir wegen fehlenden Gummibandes keine Alltags-Maske selber n\u00e4hen k\u00f6nntest.<\/p>\n<h2>Wieso eine Maske selber n\u00e4hen?<\/h2>\n<p>In vielen Bundesl\u00e4ndern ist es vorgeschrieben, eine Maske aufzusetzen, wenn du in L\u00e4den gehst oder den \u00d6PNV benutzt. Zertifizierte Mundschutzmasken kann man kaufen &#8211; mittlerweile findet man ja wieder welche online oder in der Apotheke (sie sind allerdings nicht ganz billig). Doch Mundschutzmasken sind immer noch Mangelware &#8211; der Bedarf ist viel h\u00f6her als das Angebot. Und daher habe ich f\u00fcr mich entschieden, dass selbstgen\u00e4hte Mund-Nasen-Masken genau das richtige sind.<!--more--><\/p>\n<p>Wir &#8222;normalen Menschen&#8220; sind ja keinem gro\u00dfen Ansteckungsrisiko ausgesetzt, wenn wir in den Supermarkt gehen &#8211; verglichen zum Beispiel mit Gesundheitspersonal oder anderen Personen in systemrelevanten Berufen. Au\u00dferdem gibt es keinen begr\u00fcndeten Verdacht, dass wir selber ansteckend sind. Und so denke ich, dass nur fair ist, die echten, zertifizierten Masken den Menschen zu \u00fcberlassen, die sie dringender brauchen als wir. Auch das RKI empfiehlt den Gebrauch von selber gen\u00e4hten Masken in manchen Situationen des Alltags: <a href=\"http:\/\/Ist das Tragen einer Mund-Nasen-Bedeckung in der \u00d6ffentlichkeit zum Schutz vor SARS-CoV-2 sinnvoll?\">Ist das Tragen einer Mund-Nasen-Bedeckung in der \u00d6ffentlichkeit sinnvoll?<\/a><\/p>\n<p>Es muss jedem aber bewusst sein, dass selber gen\u00e4hte Mund-Nasen-Masken kein medizinisches Produkt mit zertifizierter Schutzwirkung sind. Sie dienen haupts\u00e4chlich dazu, das Aussto\u00dfen von Tr\u00f6pfchen beim Sprechen, Husten oder Niesen zu behindern. Damit tragen sie haupts\u00e4chlich zum Schutz anderer Menschen bei und ersetzen weder das Abstandsgebot noch die Hygiene-Regeln wie zum Beispiel das H\u00e4ndewaschen.<\/p>\n<h2>Und wie wird die Alltagsmaske nun befestigt?<\/h2>\n<p>Prinzipiell gibt es drei grunds\u00e4tzliche Arten, wie du die Maske befestigen kann. Du kannst wie bei den OP-Masken eine Schlaufe links und rechts anbringen, welche \u00fcber die Ohren gesteckt werden. Hierf\u00fcr eignet sich nur sehr elastische B\u00e4nder wie Gummifaden.<\/p>\n<p>Du kann an den Ecken auch vier lose B\u00e4nder ann\u00e4hen, die hinter den Ohren verknotet werden. Das ist von allem dann sinnvoll, wenn du im vorhinein nicht wei\u00dft, wie gro\u00dfe der Kopf des Maskentr\u00e4gers sein wird. So kann der Mund-Nasen-Schutz individuell an den Kopfumfang angepasst werden. So habe ich f\u00fcr meine Kinder und f\u00fcr mich einen Mundschutz in der gleichen Gr\u00f6\u00dfe gen\u00e4ht und die Gr\u00f6\u00dfe \u00fcber die Bindeb\u00e4nder eingestellt.<\/p>\n<p>Die dritte M\u00f6glichkeit ist, dass die B\u00e4nder nicht an den Ohren befestig sind, sondern einmal um den Kopf gehen. Dadurch ist die Maske etwas aufw\u00e4ndiger an- und auszuziehen, aber die B\u00e4nder dr\u00fccken nicht auf das Ohr.<\/p>\n<h2>Mit Gummiband<\/h2>\n<p>Wenn du zu den Gl\u00fccklichen geh\u00f6rst, die ausreichend Gummiband oder Gummifaden hast, dann kannst du nun einfach mit einem Zickzackstich eine Gummischlaufe an die Maske n\u00e4hen.<\/p>\n<h3>Mit Schr\u00e4gband<\/h3>\n<p>Die ersten Masken habe ich mit Schr\u00e4gband eingefasst, welches ich selber gemacht habe. Das hat den Vorteil, dass du das Einfassband perfekt auf die gen\u00e4hte Maske anpassen kannst.<img loading=\"lazy\" decoding=\"async\" class=\"aligncenter wp-image-6426\" src=\"https:\/\/www.k-naehleon.de\/wp-content\/uploads\/2020\/04\/Mundmaske_naehen.jpg\" alt=\"Mundschutzmaske selber n\u00e4hen und mit Schr\u00e4gband einfassen\" width=\"450\" height=\"279\" srcset=\"https:\/\/www.k-naehleon.de\/wp-content\/uploads\/2020\/04\/Mundmaske_naehen.jpg 600w, https:\/\/www.k-naehleon.de\/wp-content\/uploads\/2020\/04\/Mundmaske_naehen-300x186.jpg 300w\" sizes=\"auto, (max-width: 450px) 100vw, 450px\" \/><\/p>\n<p>Hier ist eine Anleitung, wie du <a href=\"https:\/\/www.k-naehleon.de\/?p=2464\">Schr\u00e4gband selber machen<\/a> kannst.<\/p>\n<p>Du kannst Schr\u00e4gband nat\u00fcrlich auch kaufen, aber in letzter Zeit ist es auch \u00f6fter mal knapp. Hier gibt es aber zum Beispiel noch welches in dunkelbraun: <a href=\"https:\/\/www.alles-fuer-selbermacher.de\/1-Bund-Schraegband---3-Meter---Zugeschnitten---20mm---Dunkelbraun?tracking=5d330ed1e7bf3\" target=\"_blank\" rel=\"noopener nofollow noreferrer\">1 Bund Schr\u00e4gband &#8211; Dunkelbraun*<\/a> (Werbe-\/Partnerlink)<\/p>\n<h3>Mit Jersey-Band<\/h3>\n<p>Eine Alternative zu Schr\u00e4gband ist die sogenannte Jersey-Nudel oder Textil-Garn:<img loading=\"lazy\" decoding=\"async\" class=\"aligncenter wp-image-6424\" src=\"https:\/\/www.k-naehleon.de\/wp-content\/uploads\/2020\/04\/TextilGarnBand1.jpg\" alt=\"Jerseynudel - Textilgarn\" width=\"450\" height=\"352\" srcset=\"https:\/\/www.k-naehleon.de\/wp-content\/uploads\/2020\/04\/TextilGarnBand1.jpg 500w, https:\/\/www.k-naehleon.de\/wp-content\/uploads\/2020\/04\/TextilGarnBand1-300x235.jpg 300w\" sizes=\"auto, (max-width: 450px) 100vw, 450px\" \/><\/p>\n<p>Es ist wirklich sehr einfach herzusellen. Du schneidest einfach einen Streifen von ca. 1,5 cm vom Rand eines Single-Jerseys ab. Nun ziehst du den Streifen mehrmals kr\u00e4ftig auseinander und du wirst sehen, dass sich das Band komplett zusammenrollt. Je mehr der Jersey von Anfang an die Tendenz hat sich einzurollen, desto besser! \ud83d\ude42 So kannst du aus der nervigen gerollten Kante des Stoffs durch geschicktes Upcycling noch etwas Sinnvolles anfangen!<\/p>\n<p>Ein Tipp noch bez\u00fcglich der <strong>Roll-Richtung<\/strong>: Wenn du den Jersey <strong>entlang der Schnittkante <\/strong>(also quer zur Webkante) schneidest, liegt bei der Jersey-Nudel die linke (h\u00e4ssliche) Seite au\u00dfen. Das ist bei durchgef\u00e4rbten Stoffen nicht schlimm, aber bei bedruckten Jerseys nicht ideal. Wenn du das Band allerdings <strong>entlang der Webkante<\/strong> abschneidest , dann liegt die rechte Seite au\u00dfen &#8211; das solltest du also bei bedruckten Stoffen machen.<\/p>\n<p>Jersey-Nudeln eignen sich nur f\u00fcr die Binde-Variante der Masken, denn es hat die Eigenschaft, im Laufe der Zeit auszuleiern, vor allem bei Baumwolljersey ohne Elasthan-Anteil.<\/p>\n<h3>Mit jedem anderen weichen Band<\/h3>\n<p>Du kannst auch alle weiteren B\u00e4nder verwenden, die einigerma\u00dfen weich und angenehm zu tragen sind, also zum Beispiel Hoodie-Kordeln oder textiles Geschenkband. Auch Kl\u00f6ppelspitze eignet sich erstaunlich gut!<img loading=\"lazy\" decoding=\"async\" class=\"aligncenter wp-image-6454\" src=\"https:\/\/www.k-naehleon.de\/wp-content\/uploads\/2020\/04\/Mundnasenmaske_Spitzenband.jpg\" alt=\"Spitze als Band einer Mundschutzmaske\" width=\"450\" height=\"337\" srcset=\"https:\/\/www.k-naehleon.de\/wp-content\/uploads\/2020\/04\/Mundnasenmaske_Spitzenband.jpg 600w, https:\/\/www.k-naehleon.de\/wp-content\/uploads\/2020\/04\/Mundnasenmaske_Spitzenband-300x225.jpg 300w\" sizes=\"auto, (max-width: 450px) 100vw, 450px\" \/><\/p>\n<h2>Und wenn die Ohren schmerzen?<\/h2>\n<p>Bei einigen Menschen fangen die Ohren zu schmerzen an, wenn sie einen Mundschutz l\u00e4nger tragen m\u00fcssen. Du kannst du deine Mundmaske aber auch so n\u00e4hen, dass sie hinter dem Kopf befestigt wird.<\/p>\n<h3>Breites Gummiband<\/h3>\n<p>Breites Gummiband eignet sich nicht, um eine &#8222;Ohrenschlaufe&#8220; zu n\u00e4hen, wohl aber um die Behelfsmaske hinter dem Kopf zu befestigen.<\/p>\n<h3>Klettband<\/h3>\n<p>Auch Klettb\u00e4nder k\u00f6nnen am Hinterkopf geschlossen werden und erm\u00f6glichen eine individuelle Anpassung an die Kopfgr\u00f6\u00dfe.<\/p>\n<h2>Ein Multifunktionstuch n\u00e4hen<\/h2>\n<p>ALs Alternative kannst du auch ein Multifunktionstuch selber n\u00e4hen und es dur \u00fcber den Mund ziehen: <a href=\"https:\/\/www.k-naehleon.de\/?p=2779\">Multifunktionstuch: Ein schnelles Projekt mit zwei N\u00e4hten<\/a><\/p>\n<p><img loading=\"lazy\" decoding=\"async\" class=\"aligncenter wp-image-6449\" src=\"https:\/\/www.k-naehleon.de\/wp-content\/uploads\/2020\/04\/Mulitfunktionstuch5.jpg\" alt=\"\" width=\"450\" height=\"448\" srcset=\"https:\/\/www.k-naehleon.de\/wp-content\/uploads\/2020\/04\/Mulitfunktionstuch5.jpg 600w, https:\/\/www.k-naehleon.de\/wp-content\/uploads\/2020\/04\/Mulitfunktionstuch5-300x300.jpg 300w, https:\/\/www.k-naehleon.de\/wp-content\/uploads\/2020\/04\/Mulitfunktionstuch5-160x160.jpg 160w\" sizes=\"auto, (max-width: 450px) 100vw, 450px\" \/><\/p>\n<p>Wegen des warmen Wetters kannst du den Fleece auch gerne weglassen &#8211; oder durch einen d\u00fcnneren Stoff ersetzen. \ud83d\ude42<\/p>\n<h2>Welche Stoffe eignen sich f\u00fcr einen Behelfsmaske?<\/h2>\n<p>Die zertifizierten OP-Masken werden aus verschiedenen Arten von nicht-gewobenem Polypropylen-Stoff hergestellt. Diese sind f\u00fcr den normalen Verbraucher allerdings nicht wirklich zu bekommen. Daher m\u00fcssen wir auf &#8222;normale&#8220; Stoffe ausweichen, dabei reichen Stoffreste oft aus.<\/p>\n<p>Das erste Kriterium f\u00fcr die Stoffwahl ist, dass die Stoffe luftdurchl\u00e4ssig sind und du gut durch zwei Lagen Stoff atmen kannst. Das kannst du testen, indem du zwei Lagen des gew\u00e4hlten Stoffes \u00fcber deinen Mund legst und einfach probierst, ob das Atmen leicht geht.<\/p>\n<p>Dar\u00fcber hinaus sollte das Material auch m\u00f6glichst wenig Krankheitserreger durchlassen. Das ist wohl bei dicht gewebten Stoffen der Fall. Wie dicht ein Stoff gewebt ist, kannst testen, indem du ihn ins Licht h\u00e4ltst: Je weniger Lichtpunkte du durch den Stoff siehst, deste dichter ist der Stoff.<\/p>\n<p>Gut geeignet sind zum Beispiel gewebte Baumwoll-(Quilt-)Stoffe, dickerer Jersey wie Romanit-Jersey, Leinen, Molton oder Flanell.<\/p>\n<p>Alternativ dazu gibt es seit einiger Zeit auch <strong>antimikrobielle Stoffe<\/strong> zu kaufen, die durch die eingewebten Silber-Ionen das Wachstum von Bakterien dauerhaft hemmen. Du bekommst ihn zum Beispiel hier: <a href=\"https:\/\/www.alles-fuer-selbermacher.de\/Antimikrobieller-Jersey---SHIELD---Behelf-Mund-Nasen-Schutz---Uni---Weiss?tracking=5d330ed1e7bf3\" target=\"_blank\" rel=\"noopener nofollow noreferrer\">Antimikrobieller Jersey &#8211; SHIELD &#8211; Uni &#8211; Wei\u00df*<\/a> (Partner-\/Werbelink)<\/p>\n<h2>Stoffe unbedingt vorwaschen!<\/h2>\n<p>Es gibt zum Teil die Empfehlung, den Stoff bei mindestens 60 Grad zu waschen. Wenn du du das vorhast, dann wasche den Stoff bitte vor dem N\u00e4hen unbedingt bei dieser hohen Temperatur vor und stecke ihn am Besten auch noch in den Trockner.<\/p>\n<p>Denn sonst geht es dir wie einem Arbeitskollegen, der seine Maske bei hoher Temperatur gewaschen und getrocknet hat. Danach war die Maske viel kleiner. Sie passt zwar wohl noch einigerma\u00dfen, aber das muss ja nicht sein \ud83d\ude09 Au\u00dferdem siehst du dann schon vor dem N\u00e4hen wie gut die Stoffe die hohen Temperaturen beim Waschen \u00fcberstehen.<\/p>\n<p>Andere waschen ihre Masken bei niedrigeren Temperaturen, benutzen aber einen speziellen Hygiene-Sp\u00fcler, der Bakterien und Viren abt\u00f6tet. Auch das Desinfizieren im Topf mit kochendem Wasser oder durch B\u00fcgeln ist wohl m\u00f6glich (siehe <a href=\"https:\/\/www.rbb888.de\/service\/verbraucherexpertin-silja-sodtke\/gesundheit\/masken-_-die-wichtigsten-antworten-zum-tragen-und-waschen-.html\" target=\"_blank\" rel=\"noopener noreferrer\">hier<\/a>).\u00a0 Ich finde das B\u00fcgeln viel einfacher, da ich nicht so viel Kochw\u00e4sche habe, und f\u00fcr viele Stoffe (sowie f\u00fcr Kl\u00f6ppelspitze \ud83d\ude42 ) ist es deutlich schondender.<\/p>\n<h2>Maske richtig herum anziehen<\/h2>\n<p>Damit du deine selber gen\u00e4hte Mundmaske nicht verkehrt herum aufsetzt, ist es sinnvoll, dass du die Vorderseite von der R\u00fcckseite unterscheiden kannst. Ich nutze daf\u00fcr einfach zwei unterschiedliche Stoffe:<\/p>\n<p><img loading=\"lazy\" decoding=\"async\" class=\"aligncenter wp-image-6436\" src=\"https:\/\/www.k-naehleon.de\/wp-content\/uploads\/2020\/04\/Alltagsmaske-naehen-ohne-Gummi.jpg\" alt=\"\" width=\"450\" height=\"441\" srcset=\"https:\/\/www.k-naehleon.de\/wp-content\/uploads\/2020\/04\/Alltagsmaske-naehen-ohne-Gummi.jpg 600w, https:\/\/www.k-naehleon.de\/wp-content\/uploads\/2020\/04\/Alltagsmaske-naehen-ohne-Gummi-300x294.jpg 300w\" sizes=\"auto, (max-width: 450px) 100vw, 450px\" \/><\/p>\n<p>Alternativ kannst du aber auch einen Plot oder einen Knopf auf die Vorderseite aufbringen.<\/p>\n<p>Und nun w\u00fcnsche ich dir viel Erfolg beim N\u00e4hen des Mundschutzes und bleib gesund!<\/p>\n<p>Cailin<\/p>\n<hr \/>\n<p><img loading=\"lazy\" decoding=\"async\" class=\"alignnone wp-image-6447\" src=\"https:\/\/www.k-naehleon.de\/wp-content\/uploads\/2020\/04\/Maske-selber-naehen.jpg\" alt=\"Mundmaske selber nahen \" width=\"250\" height=\"375\" srcset=\"https:\/\/www.k-naehleon.de\/wp-content\/uploads\/2020\/04\/Maske-selber-naehen.jpg 735w, https:\/\/www.k-naehleon.de\/wp-content\/uploads\/2020\/04\/Maske-selber-naehen-200x300.jpg 200w, https:\/\/www.k-naehleon.de\/wp-content\/uploads\/2020\/04\/Maske-selber-naehen-683x1024.jpg 683w\" sizes=\"auto, (max-width: 250px) 100vw, 250px\" \/> <img loading=\"lazy\" decoding=\"async\" class=\"alignnone wp-image-6444\" src=\"https:\/\/www.k-naehleon.de\/wp-content\/uploads\/2020\/04\/Mundmaske-ohne-Gummi.jpg\" alt=\"Mundmaske selber n\u00e4hen ohne Gummi oder Schr\u00e4gband \" width=\"250\" height=\"375\" srcset=\"https:\/\/www.k-naehleon.de\/wp-content\/uploads\/2020\/04\/Mundmaske-ohne-Gummi.jpg 600w, https:\/\/www.k-naehleon.de\/wp-content\/uploads\/2020\/04\/Mundmaske-ohne-Gummi-200x300.jpg 200w\" sizes=\"auto, (max-width: 250px) 100vw, 250px\" \/><\/p>\n<p><img loading=\"lazy\" decoding=\"async\" src=\"https:\/\/vg08.met.vgwort.de\/na\/e976388404a942d3a3de6fcf8676048f\" width=\"1\" height=\"1\" alt=\"\"><\/p>\n","protected":false},"excerpt":{"rendered":"<p>Vor einiger Zeit habe ich uns schon ein paar Mund-Nasen-Masken gen\u00e4ht &#8211; zum Gl\u00fcck geht das ja ganz einfach und schnell. Jetzt mit der Maskenpflicht werde ich gleich noch ein paar mehr n\u00e4hen, um den Bedarf in der Familie zu decken. Allerdings lese ich in letzter Zeit immer wieder, dass Gummiband knapp ist oder dass [&hellip;]<\/p>\n","protected":false},"author":1,"featured_media":0,"comment_status":"open","ping_status":"open","sticky":false,"template":"","format":"standard","meta":{"_genesis_hide_title":false,"_genesis_hide_breadcrumbs":false,"_genesis_hide_singular_image":false,"_genesis_hide_footer_widgets":false,"_genesis_custom_body_class":"","_genesis_custom_post_class":"","_genesis_layout":"","footnotes":""},"categories":[7,10,17],"tags":[],"class_list":{"0":"post-6400","1":"post","2":"type-post","3":"status-publish","4":"format-standard","6":"category-nachhaltigkeit","7":"category-naehanleitung","8":"category-naehtipps","9":"entry"},"_links":{"self":[{"href":"https:\/\/www.k-naehleon.de\/index.php?rest_route=\/wp\/v2\/posts\/6400","targetHints":{"allow":["GET"]}}],"collection":[{"href":"https:\/\/www.k-naehleon.de\/index.php?rest_route=\/wp\/v2\/posts"}],"about":[{"href":"https:\/\/www.k-naehleon.de\/index.php?rest_route=\/wp\/v2\/types\/post"}],"author":[{"embeddable":true,"href":"https:\/\/www.k-naehleon.de\/index.php?rest_route=\/wp\/v2\/users\/1"}],"replies":[{"embeddable":true,"href":"https:\/\/www.k-naehleon.de\/index.php?rest_route=%2Fwp%2Fv2%2Fcomments&post=6400"}],"version-history":[{"count":54,"href":"https:\/\/www.k-naehleon.de\/index.php?rest_route=\/wp\/v2\/posts\/6400\/revisions"}],"predecessor-version":[{"id":7064,"href":"https:\/\/www.k-naehleon.de\/index.php?rest_route=\/wp\/v2\/posts\/6400\/revisions\/7064"}],"wp:attachment":[{"href":"https:\/\/www.k-naehleon.de\/index.php?rest_route=%2Fwp%2Fv2%2Fmedia&parent=6400"}],"wp:term":[{"taxonomy":"category","embeddable":true,"href":"https:\/\/www.k-naehleon.de\/index.php?rest_route=%2Fwp%2Fv2%2Fcategories&post=6400"},{"taxonomy":"post_tag","embeddable":true,"href":"https:\/\/www.k-naehleon.de\/index.php?rest_route=%2Fwp%2Fv2%2Ftags&post=6400"}],"curies":[{"name":"wp","href":"https:\/\/api.w.org\/{rel}","templated":true}]}}