{"id":9612,"date":"2024-06-14T16:08:58","date_gmt":"2024-06-14T14:08:58","guid":{"rendered":"https:\/\/www.k-naehleon.de\/?p=9612"},"modified":"2024-06-17T18:48:28","modified_gmt":"2024-06-17T16:48:28","slug":"hosen-teller-rock-tamina-122-146","status":"publish","type":"post","link":"https:\/\/www.k-naehleon.de\/?p=9612","title":{"rendered":"(Hosen-)Teller-Rock Tamina 122-146"},"content":{"rendered":"<p>Ich freue mich, dass nun endlich das neue &#8222;Tamina&#8220;-Schnittmuster online gegangen ist! Den Hosen-Teller-Rock Tamina gibt es nun auch f\u00fcr die gr\u00f6\u00dferen M\u00e4dchen in den Gr\u00f6\u00dfen 122-146.<\/p>\n<p><a href=\"https:\/\/www.k-naehleon.de\/?p=9612\"><img loading=\"lazy\" decoding=\"async\" class=\"aligncenter wp-image-9642\" src=\"https:\/\/www.k-naehleon.de\/wp-content\/uploads\/2024\/06\/Tamina_Schnittmuster_122-146.jpg\" alt=\"\" width=\"400\" height=\"400\" srcset=\"https:\/\/www.k-naehleon.de\/wp-content\/uploads\/2024\/06\/Tamina_Schnittmuster_122-146.jpg 800w, https:\/\/www.k-naehleon.de\/wp-content\/uploads\/2024\/06\/Tamina_Schnittmuster_122-146-300x300.jpg 300w, https:\/\/www.k-naehleon.de\/wp-content\/uploads\/2024\/06\/Tamina_Schnittmuster_122-146-160x160.jpg 160w, https:\/\/www.k-naehleon.de\/wp-content\/uploads\/2024\/06\/Tamina_Schnittmuster_122-146-768x768.jpg 768w\" sizes=\"auto, (max-width: 400px) 100vw, 400px\" \/><\/a>Das <a href=\"https:\/\/www.shop.k-naehleon.de\/shop\/index.php?id_product=44&amp;rewrite=hosen-teller-rock-tamina-damen-schnittmuster-xs-xxxl&amp;controller=product\" target=\"_blank\" rel=\"noopener\">Schnittmuster f\u00fcr Damen<\/a> war ja das erste aus der <a href=\"https:\/\/www.shop.k-naehleon.de\/shop\/index.php?\" target=\"_blank\" rel=\"noopener\">Tamina-Reihe<\/a> und kam zum Adventskalender 2022 raus. Jetzt hat es etwas gedauert, bis die <a href=\"https:\/\/www.shop.k-naehleon.de\/shop\/index.php?id_product=45&amp;rewrite=hosen-teller-rock-tamina-schnittmuster-122-146&amp;controller=product\" target=\"_blank\" rel=\"noopener\">Gr\u00f6\u00dfen 122-146<\/a> dran sind, aber der Zeitpunkt ist eigentlich ziemlich gut: &#8222;Tamina&#8220; ist ideal f\u00fcr den Sommer, da der Hosenrock so luftig-leicht ist.<\/p>\n<p style=\"text-align: center;\"><a class=\"button\" style=\"background-color: darkorange; border-radius: 20px;\" href=\"https:\/\/www.shop.k-naehleon.de\/shop\/index.php?id_product=45&amp;rewrite=hosen-teller-rock-tamina-schnittmuster-122-146&amp;controller=product\" target=\"_blank\" rel=\"noopener\">Schnittmuster Tamina 122-146<\/a><\/p>\n<p><!--more--><br \/>\n<img loading=\"lazy\" decoding=\"async\" class=\"aligncenter wp-image-9615\" src=\"https:\/\/www.k-naehleon.de\/wp-content\/uploads\/2024\/06\/Tamina_Hosenrock.jpeg\" alt=\"\" width=\"450\" height=\"486\" srcset=\"https:\/\/www.k-naehleon.de\/wp-content\/uploads\/2024\/06\/Tamina_Hosenrock.jpeg 900w, https:\/\/www.k-naehleon.de\/wp-content\/uploads\/2024\/06\/Tamina_Hosenrock-278x300.jpeg 278w, https:\/\/www.k-naehleon.de\/wp-content\/uploads\/2024\/06\/Tamina_Hosenrock-768x829.jpeg 768w\" sizes=\"auto, (max-width: 450px) 100vw, 450px\" \/><br \/>\nDas Sch\u00f6ne an Tamina ist, dass das Schnittmuster fast wie ein richtiger Rock aussieht, da es aus dem Grundschnitt eines Tellerrocks entwickelt wurde. Andererseits ist es ein Hosenrock, der alles mitmacht, was Kinder eben so machen wollen, zum Beispiel Fahrrad fahren:<br \/>\n<img loading=\"lazy\" decoding=\"async\" class=\"aligncenter wp-image-9638\" src=\"https:\/\/www.k-naehleon.de\/wp-content\/uploads\/2024\/06\/Hosenrock_Fahrradfahren.jpg\" alt=\"\" width=\"450\" height=\"575\" srcset=\"https:\/\/www.k-naehleon.de\/wp-content\/uploads\/2024\/06\/Hosenrock_Fahrradfahren.jpg 900w, https:\/\/www.k-naehleon.de\/wp-content\/uploads\/2024\/06\/Hosenrock_Fahrradfahren-235x300.jpg 235w, https:\/\/www.k-naehleon.de\/wp-content\/uploads\/2024\/06\/Hosenrock_Fahrradfahren-801x1024.jpg 801w, https:\/\/www.k-naehleon.de\/wp-content\/uploads\/2024\/06\/Hosenrock_Fahrradfahren-768x981.jpg 768w\" sizes=\"auto, (max-width: 450px) 100vw, 450px\" \/>Oder klettern \ud83d\ude42<br \/>\n<img loading=\"lazy\" decoding=\"async\" class=\"aligncenter wp-image-9639\" src=\"https:\/\/www.k-naehleon.de\/wp-content\/uploads\/2024\/06\/Hosenrock_Klettern.jpg\" alt=\"\" width=\"450\" height=\"466\" srcset=\"https:\/\/www.k-naehleon.de\/wp-content\/uploads\/2024\/06\/Hosenrock_Klettern.jpg 900w, https:\/\/www.k-naehleon.de\/wp-content\/uploads\/2024\/06\/Hosenrock_Klettern-290x300.jpg 290w, https:\/\/www.k-naehleon.de\/wp-content\/uploads\/2024\/06\/Hosenrock_Klettern-768x794.jpg 768w\" sizes=\"auto, (max-width: 450px) 100vw, 450px\" \/><\/p>\n<p style=\"text-align: center;\"><a class=\"button\" style=\"background-color: darkorange; border-radius: 20px;\" href=\"https:\/\/www.shop.k-naehleon.de\/shop\/index.php?id_product=45&amp;rewrite=hosen-teller-rock-tamina-schnittmuster-122-146&amp;controller=product\" target=\"_blank\" rel=\"noopener\">Schnittmuster Tamina 122-146<\/a><\/p>\n<p>Damit ist er ideal f\u00fcr aktive M\u00e4dchen, die sich gerne bewegen und dennoch einen femininen Look genie\u00dfen m\u00f6chten. Das Schnittmuster enth\u00e4lt au\u00dferdem eine optionale Eingriffstasche, die bei jungen M\u00e4dchen sehr beliebt ist.<br \/>\n<img loading=\"lazy\" decoding=\"async\" class=\"aligncenter wp-image-9616\" src=\"https:\/\/www.k-naehleon.de\/wp-content\/uploads\/2024\/06\/Hosenrock_Tasche.jpeg\" alt=\"\" width=\"450\" height=\"550\" srcset=\"https:\/\/www.k-naehleon.de\/wp-content\/uploads\/2024\/06\/Hosenrock_Tasche.jpeg 900w, https:\/\/www.k-naehleon.de\/wp-content\/uploads\/2024\/06\/Hosenrock_Tasche-245x300.jpeg 245w, https:\/\/www.k-naehleon.de\/wp-content\/uploads\/2024\/06\/Hosenrock_Tasche-838x1024.jpeg 838w, https:\/\/www.k-naehleon.de\/wp-content\/uploads\/2024\/06\/Hosenrock_Tasche-768x939.jpeg 768w\" sizes=\"auto, (max-width: 450px) 100vw, 450px\" \/>Du kannst Tamina in zwei L\u00e4ngen n\u00e4hen, die lange Version des Schnittmusters geht bis knapp oberhalb des Knies.<br \/>\n<img loading=\"lazy\" decoding=\"async\" class=\"aligncenter wp-image-9619\" src=\"https:\/\/www.k-naehleon.de\/wp-content\/uploads\/2024\/06\/Maedchen_Hosenrock.jpeg\" alt=\"\" width=\"450\" height=\"600\" srcset=\"https:\/\/www.k-naehleon.de\/wp-content\/uploads\/2024\/06\/Maedchen_Hosenrock.jpeg 900w, https:\/\/www.k-naehleon.de\/wp-content\/uploads\/2024\/06\/Maedchen_Hosenrock-225x300.jpeg 225w, https:\/\/www.k-naehleon.de\/wp-content\/uploads\/2024\/06\/Maedchen_Hosenrock-768x1024.jpeg 768w\" sizes=\"auto, (max-width: 450px) 100vw, 450px\" \/>Die kurze Version hat eher die L\u00e4nge einer Shorts.<br \/>\n<img loading=\"lazy\" decoding=\"async\" class=\"aligncenter wp-image-9622\" src=\"https:\/\/www.k-naehleon.de\/wp-content\/uploads\/2024\/06\/Hosenrock_Tamina_kurz.jpg\" alt=\"\" width=\"450\" height=\"646\" srcset=\"https:\/\/www.k-naehleon.de\/wp-content\/uploads\/2024\/06\/Hosenrock_Tamina_kurz.jpg 900w, https:\/\/www.k-naehleon.de\/wp-content\/uploads\/2024\/06\/Hosenrock_Tamina_kurz-209x300.jpg 209w, https:\/\/www.k-naehleon.de\/wp-content\/uploads\/2024\/06\/Hosenrock_Tamina_kurz-713x1024.jpg 713w, https:\/\/www.k-naehleon.de\/wp-content\/uploads\/2024\/06\/Hosenrock_Tamina_kurz-768x1103.jpg 768w\" sizes=\"auto, (max-width: 450px) 100vw, 450px\" \/>Wie schon bei den anderen Gr\u00f6\u00dfen kannst du Tamina auch als echten Tellerrock n\u00e4hen oder eine zweilagige Version als Rock mit darunter liegender Hose n\u00e4hen.<br \/>\n<img loading=\"lazy\" decoding=\"async\" class=\"aligncenter wp-image-9649\" src=\"https:\/\/www.k-naehleon.de\/wp-content\/uploads\/2024\/06\/Hosenrock_zweilagig.jpg\" alt=\"\" width=\"450\" height=\"338\" srcset=\"https:\/\/www.k-naehleon.de\/wp-content\/uploads\/2024\/06\/Hosenrock_zweilagig.jpg 800w, https:\/\/www.k-naehleon.de\/wp-content\/uploads\/2024\/06\/Hosenrock_zweilagig-300x225.jpg 300w, https:\/\/www.k-naehleon.de\/wp-content\/uploads\/2024\/06\/Hosenrock_zweilagig-768x576.jpg 768w\" sizes=\"auto, (max-width: 450px) 100vw, 450px\" \/><br \/>\nAuch die Teilungen sind wieder enthalten und du kannst wundersch\u00f6ne Farb-Kombinationen wie hier zaubern:<br \/>\n<img loading=\"lazy\" decoding=\"async\" class=\"aligncenter wp-image-9646\" src=\"https:\/\/www.k-naehleon.de\/wp-content\/uploads\/2024\/06\/Hosenrock_mit_Teilungen.jpg\" alt=\"\" width=\"450\" height=\"600\" srcset=\"https:\/\/www.k-naehleon.de\/wp-content\/uploads\/2024\/06\/Hosenrock_mit_Teilungen.jpg 900w, https:\/\/www.k-naehleon.de\/wp-content\/uploads\/2024\/06\/Hosenrock_mit_Teilungen-225x300.jpg 225w, https:\/\/www.k-naehleon.de\/wp-content\/uploads\/2024\/06\/Hosenrock_mit_Teilungen-768x1024.jpg 768w\" sizes=\"auto, (max-width: 450px) 100vw, 450px\" \/><\/p>\n<p>Mit verschiedenen Schnittzusammenstellungen und Stoffauswahl kannst du den Look deines Hosen-Rocks oder Teller-Rocks ganz nach deinem Geschmack gestalten. Bis zum 3.Juli 2024 bekommst du das Schnittmuster im Shop noch zum Einf\u00fchrungspreis.<\/p>\n<p style=\"text-align: center;\"><a class=\"button\" style=\"background-color: darkorange; border-radius: 20px;\" href=\"https:\/\/www.shop.k-naehleon.de\/shop\/index.php?id_product=45&amp;rewrite=hosen-teller-rock-tamina-schnittmuster-122-146&amp;controller=product\" target=\"_blank\" rel=\"noopener\">Schnittmuster Hosentellerrock Tamina 122-146<\/a><\/p>\n<p>Hier sind noch einige weitere tolle Design-Inspirationen.<br \/>\n<img loading=\"lazy\" decoding=\"async\" class=\"aligncenter wp-image-9626\" src=\"https:\/\/www.k-naehleon.de\/wp-content\/uploads\/2024\/06\/Hosentellerrock_Tamina_122-146.jpg\" alt=\"\" width=\"500\" height=\"750\" srcset=\"https:\/\/www.k-naehleon.de\/wp-content\/uploads\/2024\/06\/Hosentellerrock_Tamina_122-146.jpg 800w, https:\/\/www.k-naehleon.de\/wp-content\/uploads\/2024\/06\/Hosentellerrock_Tamina_122-146-200x300.jpg 200w, https:\/\/www.k-naehleon.de\/wp-content\/uploads\/2024\/06\/Hosentellerrock_Tamina_122-146-683x1024.jpg 683w, https:\/\/www.k-naehleon.de\/wp-content\/uploads\/2024\/06\/Hosentellerrock_Tamina_122-146-768x1152.jpg 768w\" sizes=\"auto, (max-width: 500px) 100vw, 500px\" \/><\/p>\n<p style=\"text-align: center;\"><a class=\"button\" style=\"background-color: darkorange; border-radius: 20px;\" href=\"https:\/\/www.shop.k-naehleon.de\/shop\/index.php?id_product=45&amp;rewrite=hosen-teller-rock-tamina-schnittmuster-122-146&amp;controller=product\" target=\"_blank\" rel=\"noopener\">\u00a0Tamina 122-146 im Shop<\/a><\/p>\n<h3><img loading=\"lazy\" decoding=\"async\" class=\"aligncenter wp-image-9628\" src=\"https:\/\/www.k-naehleon.de\/wp-content\/uploads\/2024\/06\/Tamina_Hosenrock-Schnittmuster.jpg\" alt=\"\" width=\"500\" height=\"750\" srcset=\"https:\/\/www.k-naehleon.de\/wp-content\/uploads\/2024\/06\/Tamina_Hosenrock-Schnittmuster.jpg 800w, https:\/\/www.k-naehleon.de\/wp-content\/uploads\/2024\/06\/Tamina_Hosenrock-Schnittmuster-200x300.jpg 200w, https:\/\/www.k-naehleon.de\/wp-content\/uploads\/2024\/06\/Tamina_Hosenrock-Schnittmuster-683x1024.jpg 683w, https:\/\/www.k-naehleon.de\/wp-content\/uploads\/2024\/06\/Tamina_Hosenrock-Schnittmuster-768x1152.jpg 768w\" sizes=\"auto, (max-width: 500px) 100vw, 500px\" \/><br \/>\nFAQ&#8217;s<\/h3>\n<h3>Welche Stoffe kann ich verwenden?<\/h3>\n<p>Das Schnittmuster ist f\u00fcr denhnbare stoffe ausgelegt, also insbesondere Baumwoll- oder Viskose-Jersey. Auch dickere elastische Stoffe wie Sweat, Cord-Jersey oder machen Nicki-Stoffe sind denkbar. Feste Stoffe sind weniger geeignet, da sie nicht \u00fcber die H\u00fcfte des Kindes passen w\u00fcrden.<\/p>\n<h3>Wie viel Stoff ben\u00f6tige ich?<\/h3>\n<p>Wenn du einen Hosenrock ODER einen Tellerrock (ohne B\u00fcndchen) bei einer Stoffbreite von 1,40m n\u00e4hen m\u00f6chtest, dann brauchst du etwa so viel Stoff:<\/p>\n<table>\n<tbody>\n<tr>\n<td>122<\/td>\n<td>128<\/td>\n<td>134<\/td>\n<td>140<\/td>\n<td>146<\/td>\n<\/tr>\n<tr>\n<td>85cm<\/td>\n<td>90cm<\/td>\n<td>70cm<\/td>\n<td>90cm<\/td>\n<td>100cm<\/td>\n<\/tr>\n<\/tbody>\n<\/table>\n<p>F\u00fcr einen zweilagigen Hosenrock mit Tellerrock ben\u00f6tigst du entsprechen doppelt so viel Stoff. Bei der Verwendung von Teilungen ist weniger Stoff erforderlich, da du die einzelnen Teile besser auf die Stoffbreite verteilen kannst.<\/p>\n<h3>Welche Gr\u00f6\u00dfe soll ich n\u00e4hen?<\/h3>\n<p>Die Kleidergr\u00f6\u00dfe, die du im Laden kaufst, ist ein erster Anhaltspunkt, aber um sicher zu gehen, dass der Hosentellerrock am Ende gut passt, bietet es sich an, die Ma\u00dfe deines Kindes mit der Ma\u00dftabelle verleichen. Es w\u00e4re ja schade, wenn du den Schnitt n\u00e4hst, um hinterher festzustellen, dass er nicht passt&#8230; F\u00fcr Tamina ist das auch nicht so schwer, denn das einzige relevante K\u00f6rperma\u00df der H\u00fcftumfang:<\/p>\n<p><strong>H\u00fcftumfang \/ Breiteste Stelle am Ges\u00e4\u00df<\/strong><\/p>\n<table>\n<tbody>\n<tr>\n<td>122<\/td>\n<td>128<\/td>\n<td>134<\/td>\n<td>140<\/td>\n<td>146<\/td>\n<\/tr>\n<tr>\n<td>68cm<\/td>\n<td>71cm<\/td>\n<td>74cm<\/td>\n<td>77cm<\/td>\n<td>80cm<\/td>\n<\/tr>\n<\/tbody>\n<\/table>\n<h3>Wo finde ich die anderen Gr\u00f6\u00dfen?<\/h3>\n<p>Tamina gibt es auch schon f\u00fcr Damen in den Gr\u00f6\u00dfen XS-XXXL:<\/p>\n<p style=\"text-align: center;\"><a href=\"https:\/\/www.shop.k-naehleon.de\/shop\/index.php?id_product=44&amp;rewrite=hosen-teller-rock-tamina-damen-schnittmuster-xs-xxxl&amp;controller=product\" target=\"_blank\" rel=\"noopener\">Tamina f\u00fcr Damen<\/a><\/p>\n<p><a href=\"https:\/\/www.shop.k-naehleon.de\/shop\/index.php?id_product=44&amp;rewrite=hosen-teller-rock-tamina-damen-schnittmuster-xs-xxxl&amp;controller=product\"><img loading=\"lazy\" decoding=\"async\" class=\"aligncenter wp-image-9574\" src=\"https:\/\/www.k-naehleon.de\/wp-content\/uploads\/2024\/05\/Hosenrock_Tamina_Damen.png\" alt=\"\" width=\"300\" height=\"300\" srcset=\"https:\/\/www.k-naehleon.de\/wp-content\/uploads\/2024\/05\/Hosenrock_Tamina_Damen.png 800w, https:\/\/www.k-naehleon.de\/wp-content\/uploads\/2024\/05\/Hosenrock_Tamina_Damen-300x300.png 300w, https:\/\/www.k-naehleon.de\/wp-content\/uploads\/2024\/05\/Hosenrock_Tamina_Damen-160x160.png 160w, https:\/\/www.k-naehleon.de\/wp-content\/uploads\/2024\/05\/Hosenrock_Tamina_Damen-768x768.png 768w\" sizes=\"auto, (max-width: 300px) 100vw, 300px\" \/><\/a><\/p>\n<p>sowie f\u00fcr die etwas kleineren M\u00e4dchen:<\/p>\n<p style=\"text-align: center;\"><a href=\"https:\/\/www.shop.k-naehleon.de\/shop\/index.php?id_product=43&amp;rewrite=hosen-teller-rock-tamina-schnittmuster-86-122&amp;controller=product\" target=\"_blank\" rel=\"noopener\">Tamina 86-122<\/a><a href=\"https:\/\/www.shop.k-naehleon.de\/shop\/index.php?id_product=43&amp;rewrite=hosen-teller-rock-tamina-schnittmuster-86-122&amp;controller=product\"><img loading=\"lazy\" decoding=\"async\" class=\"aligncenter wp-image-8774\" src=\"https:\/\/www.k-naehleon.de\/wp-content\/uploads\/2023\/07\/Hosenrock_Tellerrock_Zweilagig.jpg\" alt=\"\" width=\"300\" height=\"300\" srcset=\"https:\/\/www.k-naehleon.de\/wp-content\/uploads\/2023\/07\/Hosenrock_Tellerrock_Zweilagig.jpg 1000w, https:\/\/www.k-naehleon.de\/wp-content\/uploads\/2023\/07\/Hosenrock_Tellerrock_Zweilagig-300x300.jpg 300w, https:\/\/www.k-naehleon.de\/wp-content\/uploads\/2023\/07\/Hosenrock_Tellerrock_Zweilagig-160x160.jpg 160w, https:\/\/www.k-naehleon.de\/wp-content\/uploads\/2023\/07\/Hosenrock_Tellerrock_Zweilagig-768x768.jpg 768w\" sizes=\"auto, (max-width: 300px) 100vw, 300px\" \/><\/a><\/p>\n","protected":false},"excerpt":{"rendered":"<p>Ich freue mich, dass nun endlich das neue &#8222;Tamina&#8220;-Schnittmuster online gegangen ist! Den Hosen-Teller-Rock Tamina gibt es nun auch f\u00fcr die gr\u00f6\u00dferen M\u00e4dchen in den Gr\u00f6\u00dfen 122-146. Das Schnittmuster f\u00fcr Damen war ja das erste aus der Tamina-Reihe und kam zum Adventskalender 2022 raus. Jetzt hat es etwas gedauert, bis die Gr\u00f6\u00dfen 122-146 dran sind, [&hellip;]<\/p>\n","protected":false},"author":1,"featured_media":0,"comment_status":"open","ping_status":"open","sticky":false,"template":"","format":"standard","meta":{"_genesis_hide_title":false,"_genesis_hide_breadcrumbs":false,"_genesis_hide_singular_image":false,"_genesis_hide_footer_widgets":false,"_genesis_custom_body_class":"","_genesis_custom_post_class":"","_genesis_layout":"","footnotes":""},"categories":[1],"tags":[],"class_list":{"0":"post-9612","1":"post","2":"type-post","3":"status-publish","4":"format-standard","6":"category-allgemein","7":"entry"},"_links":{"self":[{"href":"https:\/\/www.k-naehleon.de\/index.php?rest_route=\/wp\/v2\/posts\/9612","targetHints":{"allow":["GET"]}}],"collection":[{"href":"https:\/\/www.k-naehleon.de\/index.php?rest_route=\/wp\/v2\/posts"}],"about":[{"href":"https:\/\/www.k-naehleon.de\/index.php?rest_route=\/wp\/v2\/types\/post"}],"author":[{"embeddable":true,"href":"https:\/\/www.k-naehleon.de\/index.php?rest_route=\/wp\/v2\/users\/1"}],"replies":[{"embeddable":true,"href":"https:\/\/www.k-naehleon.de\/index.php?rest_route=%2Fwp%2Fv2%2Fcomments&post=9612"}],"version-history":[{"count":52,"href":"https:\/\/www.k-naehleon.de\/index.php?rest_route=\/wp\/v2\/posts\/9612\/revisions"}],"predecessor-version":[{"id":9681,"href":"https:\/\/www.k-naehleon.de\/index.php?rest_route=\/wp\/v2\/posts\/9612\/revisions\/9681"}],"wp:attachment":[{"href":"https:\/\/www.k-naehleon.de\/index.php?rest_route=%2Fwp%2Fv2%2Fmedia&parent=9612"}],"wp:term":[{"taxonomy":"category","embeddable":true,"href":"https:\/\/www.k-naehleon.de\/index.php?rest_route=%2Fwp%2Fv2%2Fcategories&post=9612"},{"taxonomy":"post_tag","embeddable":true,"href":"https:\/\/www.k-naehleon.de\/index.php?rest_route=%2Fwp%2Fv2%2Ftags&post=9612"}],"curies":[{"name":"wp","href":"https:\/\/api.w.org\/{rel}","templated":true}]}}